{"id":1535,"date":"2021-11-02T18:25:14","date_gmt":"2021-11-02T18:25:14","guid":{"rendered":"https:\/\/visiones.uniandes.edu.co\/lparis\/?p=1535"},"modified":"2021-11-02T18:55:42","modified_gmt":"2021-11-02T18:55:42","slug":"reflexiones-finales","status":"publish","type":"post","link":"https:\/\/visiones.uniandes.edu.co\/lparis\/2021\/11\/02\/reflexiones-finales\/","title":{"rendered":"Reflexiones finales"},"content":{"rendered":"\n<p>Son muchas las reflexiones, preguntas e inclinaciones las que quedan de esta investigaci\u00f3n.<\/p>\n\n\n\n<p>En primera instancia, considero que es notoria la relaci\u00f3n entre los sonidos y el lazo afectivo que tenemos con los lugares que habitamos. Esto, a trav\u00e9s de estudiar a investigadores como Yi-Fu Tuan y Ross que ubican en relaci\u00f3n directa la geograf\u00eda con los sentidos y las emociones, y, por otra parte, a trav\u00e9s del resultado de las entrevistas, en las que surgi\u00f3 una memoria sonora relevante para las personas entrevistadas. <\/p>\n\n\n\n<p>El an\u00e1lisis que realic\u00e9 durante la investigaci\u00f3n, realizado no solo desde la investigaci\u00f3n te\u00f3rica sino desde la experiencia de cruzar la literatura con la realizaci\u00f3n de las entrevistas y el desarrollo del prototipo me permiti\u00f3 comprender que las relaciones afectivas que tenemos los seres humanos con los lugares que hemos habitado est\u00e1n estrechamente relacionadas a los sentidos. Si bien la investigaci\u00f3n solo tomaba por objeto de investigaci\u00f3n el campo sonoro, las personas entrevistadas mencionaron elementos muy importantes en sus recuerdos de los lugares relacionados al gusto y al olfato. <\/p>\n\n\n\n<p>La revisi\u00f3n de literatura y referentes de proyectos sobre la memoria sonora fue fundamental para soportar la idea de que ya existe una relaci\u00f3n entre memoria sonora y lugar. Asimismo, los proyectos referentes me dieron luces sobre c\u00f3mo representar digitalmente esta investigaci\u00f3n, teniendo en cuenta la fragilidad de los formatos digitales y, de esta manera, decidir utilizar herramientas open source que permitan el funcionamiento de este archivo. Lo digital no es importante solo para la visualizaci\u00f3n de esta investigaci\u00f3n. Las herramientas fueron fundamentales para analizar, comprender y decidir c\u00f3mo utilizar la informaci\u00f3n obtenida y realizar el prototipo digital. <\/p>\n\n\n\n<p>Reconozco la importancia de la metodolog\u00eda de la historia oral en el conocimiento que tenemos de los lugares. Utilizar los testimonios como un elemento esencial de la investigaci\u00f3n hist\u00f3rica y la importancia de reflexionar sobre su pertinencia y rigurosidad para investigaciones es uno de los aprendizajes m\u00e1s importantes de este proyecto. <\/p>\n\n\n\n<p>El alto nivel de subjetividad que contiene el tema fue uno de los retos m\u00e1s importantes como investigadora. La realizaci\u00f3n de las entrevistas tuvo un alto nivel de subjetividad expresada en recuerdos imprecisos, dudas y fechas establecidas que no concuerdan con registros hist\u00f3ricos oficiales. Asimismo, la subjetividad de medir las emociones no permiti\u00f3 que se pudiera profundizar m\u00e1s en c\u00f3mo son los lazos afectivos. La relaci\u00f3n espacios-sentidos-emociones se evidenci\u00f3 al preguntar expl\u00edcitamente si consideraban estas memorias sonoras como algo importante en el lazo afectivo con los lugares de los que hablamos, a lo que en casi todas las entrevistas surgi\u00f3 una respuesta afirmativa y reflexiones como algunas que fueron transcritas previamente en este documento. Es importante, para futuras ediciones de este proyecto, revisar la gu\u00eda de entrevistas y buscar nuevas preguntas que fomenten una memoria sonora m\u00e1s amplia y descriptiva.<\/p>\n\n\n\n<p><\/p>\n\n\n\n<p> <\/p>\n\n\n\n<p><\/p>\n\n\n\n<p><\/p>\n","protected":false},"excerpt":{"rendered":"<p>Son muchas las reflexiones, preguntas e inclinaciones las que quedan de esta investigaci\u00f3n. En primera instancia, considero que es notoria la relaci\u00f3n entre los sonidos y el lazo afectivo que tenemos con los lugares que habitamos. Esto, a trav\u00e9s de estudiar a investigadores como Yi-Fu Tuan y Ross que ubican en relaci\u00f3n directa la geograf\u00eda [&hellip;]<\/p>\n","protected":false},"author":28,"featured_media":0,"comment_status":"closed","ping_status":"closed","sticky":false,"template":"","format":"standard","meta":{"_themeisle_gutenberg_block_has_review":false,"footnotes":""},"categories":[1],"tags":[],"class_list":["post-1535","post","type-post","status-publish","format-standard","hentry","category-sin-categoria"],"_links":{"self":[{"href":"https:\/\/visiones.uniandes.edu.co\/lparis\/wp-json\/wp\/v2\/posts\/1535","targetHints":{"allow":["GET"]}}],"collection":[{"href":"https:\/\/visiones.uniandes.edu.co\/lparis\/wp-json\/wp\/v2\/posts"}],"about":[{"href":"https:\/\/visiones.uniandes.edu.co\/lparis\/wp-json\/wp\/v2\/types\/post"}],"author":[{"embeddable":true,"href":"https:\/\/visiones.uniandes.edu.co\/lparis\/wp-json\/wp\/v2\/users\/28"}],"replies":[{"embeddable":true,"href":"https:\/\/visiones.uniandes.edu.co\/lparis\/wp-json\/wp\/v2\/comments?post=1535"}],"version-history":[{"count":14,"href":"https:\/\/visiones.uniandes.edu.co\/lparis\/wp-json\/wp\/v2\/posts\/1535\/revisions"}],"predecessor-version":[{"id":1550,"href":"https:\/\/visiones.uniandes.edu.co\/lparis\/wp-json\/wp\/v2\/posts\/1535\/revisions\/1550"}],"wp:attachment":[{"href":"https:\/\/visiones.uniandes.edu.co\/lparis\/wp-json\/wp\/v2\/media?parent=1535"}],"wp:term":[{"taxonomy":"category","embeddable":true,"href":"https:\/\/visiones.uniandes.edu.co\/lparis\/wp-json\/wp\/v2\/categories?post=1535"},{"taxonomy":"post_tag","embeddable":true,"href":"https:\/\/visiones.uniandes.edu.co\/lparis\/wp-json\/wp\/v2\/tags?post=1535"}],"curies":[{"name":"wp","href":"https:\/\/api.w.org\/{rel}","templated":true}]}}