{"id":1,"date":"2020-09-05T13:49:34","date_gmt":"2020-09-05T13:49:34","guid":{"rendered":"https:\/\/visiones.uniandes.edu.co\/jgdavila11\/?p=1"},"modified":"2020-09-05T18:19:52","modified_gmt":"2020-09-05T18:19:52","slug":"hola-mundo","status":"publish","type":"post","link":"https:\/\/visiones.uniandes.edu.co\/jgdavila11\/2020\/09\/05\/hola-mundo\/","title":{"rendered":"Repensar lo humano"},"content":{"rendered":"<p>Proyecto de investigaci\u00f3n del Departamento de Historia del Arte de la Universidad de los Andes, Bogot\u00e1, Colombia.<\/p>\n<p>Por Jos\u00e9 Gabriel D\u00e1vila<\/p>\n<p><img loading=\"lazy\" decoding=\"async\" class=\"size-medium wp-image-28\" src=\"https:\/\/visiones.uniandes.edu.co\/jgdavila11\/wp-content\/uploads\/sites\/40\/2020\/09\/106448768-dry-land-background-cracked-ground-cracked-soil-or-mud-pattern-drought-problem-from-nature-warming-d-1-300x200.jpg\" alt=\"\" width=\"300\" height=\"200\" srcset=\"https:\/\/visiones.uniandes.edu.co\/jgdavila11\/wp-content\/uploads\/sites\/40\/2020\/09\/106448768-dry-land-background-cracked-ground-cracked-soil-or-mud-pattern-drought-problem-from-nature-warming-d-1-300x200.jpg 300w, https:\/\/visiones.uniandes.edu.co\/jgdavila11\/wp-content\/uploads\/sites\/40\/2020\/09\/106448768-dry-land-background-cracked-ground-cracked-soil-or-mud-pattern-drought-problem-from-nature-warming-d-1-1024x682.jpg 1024w, https:\/\/visiones.uniandes.edu.co\/jgdavila11\/wp-content\/uploads\/sites\/40\/2020\/09\/106448768-dry-land-background-cracked-ground-cracked-soil-or-mud-pattern-drought-problem-from-nature-warming-d-1-768x512.jpg 768w, https:\/\/visiones.uniandes.edu.co\/jgdavila11\/wp-content\/uploads\/sites\/40\/2020\/09\/106448768-dry-land-background-cracked-ground-cracked-soil-or-mud-pattern-drought-problem-from-nature-warming-d-1-1200x799.jpg 1200w, https:\/\/visiones.uniandes.edu.co\/jgdavila11\/wp-content\/uploads\/sites\/40\/2020\/09\/106448768-dry-land-background-cracked-ground-cracked-soil-or-mud-pattern-drought-problem-from-nature-warming-d-1.jpg 1300w\" sizes=\"auto, (max-width: 300px) 100vw, 300px\" \/><\/p>\n<p><img loading=\"lazy\" decoding=\"async\" class=\"size-medium wp-image-26\" src=\"https:\/\/visiones.uniandes.edu.co\/jgdavila11\/wp-content\/uploads\/sites\/40\/2020\/09\/85807444-cerca-de-lineas-abstractas-y-grietas-en-el-parche-de-barro-seco-en-el-piso-del-desierto-300x200.jpg\" alt=\"\" width=\"300\" height=\"200\" srcset=\"https:\/\/visiones.uniandes.edu.co\/jgdavila11\/wp-content\/uploads\/sites\/40\/2020\/09\/85807444-cerca-de-lineas-abstractas-y-grietas-en-el-parche-de-barro-seco-en-el-piso-del-desierto-300x200.jpg 300w, https:\/\/visiones.uniandes.edu.co\/jgdavila11\/wp-content\/uploads\/sites\/40\/2020\/09\/85807444-cerca-de-lineas-abstractas-y-grietas-en-el-parche-de-barro-seco-en-el-piso-del-desierto-1024x682.jpg 1024w, https:\/\/visiones.uniandes.edu.co\/jgdavila11\/wp-content\/uploads\/sites\/40\/2020\/09\/85807444-cerca-de-lineas-abstractas-y-grietas-en-el-parche-de-barro-seco-en-el-piso-del-desierto-768x512.jpg 768w, https:\/\/visiones.uniandes.edu.co\/jgdavila11\/wp-content\/uploads\/sites\/40\/2020\/09\/85807444-cerca-de-lineas-abstractas-y-grietas-en-el-parche-de-barro-seco-en-el-piso-del-desierto-1200x799.jpg 1200w, https:\/\/visiones.uniandes.edu.co\/jgdavila11\/wp-content\/uploads\/sites\/40\/2020\/09\/85807444-cerca-de-lineas-abstractas-y-grietas-en-el-parche-de-barro-seco-en-el-piso-del-desierto.jpg 1300w\" sizes=\"auto, (max-width: 300px) 100vw, 300px\" \/><\/p>\n<p><img loading=\"lazy\" decoding=\"async\" class=\"alignnone size-medium wp-image-27\" src=\"https:\/\/visiones.uniandes.edu.co\/jgdavila11\/wp-content\/uploads\/sites\/40\/2020\/09\/800px-Barro_Seco-300x225.jpg\" alt=\"\" width=\"300\" height=\"225\" srcset=\"https:\/\/visiones.uniandes.edu.co\/jgdavila11\/wp-content\/uploads\/sites\/40\/2020\/09\/800px-Barro_Seco-300x225.jpg 300w, https:\/\/visiones.uniandes.edu.co\/jgdavila11\/wp-content\/uploads\/sites\/40\/2020\/09\/800px-Barro_Seco-768x576.jpg 768w, https:\/\/visiones.uniandes.edu.co\/jgdavila11\/wp-content\/uploads\/sites\/40\/2020\/09\/800px-Barro_Seco.jpg 800w\" sizes=\"auto, (max-width: 300px) 100vw, 300px\" \/><\/p>\n<blockquote><p>\u00bfAcaso de verdad se vive en la tierra?<br \/>\nNo para siempre en la tierra: s\u00f3lo un poco aqu\u00ed.<br \/>\n<em>Aunque sea de jade se quiebra,<br \/>\n<\/em><em>Aunque sea de oro se rompe,<br \/>\n<\/em><em>Aunque sea plumaje de quetzal se desgarra,<br \/>\n<\/em>No para siempre en la tierra: s\u00f3lo un poco aqu\u00ed.<\/p>\n<p><strong>Netzahualc\u00f3yotl<\/strong><\/p><\/blockquote>\n<p><img loading=\"lazy\" decoding=\"async\" class=\"alignnone size-medium wp-image-25\" src=\"https:\/\/visiones.uniandes.edu.co\/jgdavila11\/wp-content\/uploads\/sites\/40\/2020\/09\/piso-seco-de-la-suciedad-de-la-arcilla-del-verano-70796195-300x200.jpg\" alt=\"\" width=\"300\" height=\"200\" srcset=\"https:\/\/visiones.uniandes.edu.co\/jgdavila11\/wp-content\/uploads\/sites\/40\/2020\/09\/piso-seco-de-la-suciedad-de-la-arcilla-del-verano-70796195-300x200.jpg 300w, https:\/\/visiones.uniandes.edu.co\/jgdavila11\/wp-content\/uploads\/sites\/40\/2020\/09\/piso-seco-de-la-suciedad-de-la-arcilla-del-verano-70796195-768x512.jpg 768w, https:\/\/visiones.uniandes.edu.co\/jgdavila11\/wp-content\/uploads\/sites\/40\/2020\/09\/piso-seco-de-la-suciedad-de-la-arcilla-del-verano-70796195.jpg 800w\" sizes=\"auto, (max-width: 300px) 100vw, 300px\" \/><\/p>\n<p>Porque pronto<br \/>\nesta tierra<br \/>\nquedar\u00e1 yerma.<\/p>\n","protected":false},"excerpt":{"rendered":"<p>Proyecto de investigaci\u00f3n del Departamento de Historia del Arte de la Universidad de los Andes, Bogot\u00e1, Colombia. Por Jos\u00e9 Gabriel D\u00e1vila \u00bfAcaso de verdad se vive en la tierra? No para siempre en la tierra: s\u00f3lo un poco aqu\u00ed. Aunque sea de jade se quiebra, Aunque sea de oro se rompe, Aunque sea plumaje de [&hellip;]<\/p>\n","protected":false},"author":40,"featured_media":0,"comment_status":"open","ping_status":"open","sticky":false,"template":"","format":"standard","meta":{"_themeisle_gutenberg_block_has_review":false,"footnotes":""},"categories":[1],"tags":[],"class_list":["post-1","post","type-post","status-publish","format-standard","hentry","category-sin-categoria"],"_links":{"self":[{"href":"https:\/\/visiones.uniandes.edu.co\/jgdavila11\/wp-json\/wp\/v2\/posts\/1","targetHints":{"allow":["GET"]}}],"collection":[{"href":"https:\/\/visiones.uniandes.edu.co\/jgdavila11\/wp-json\/wp\/v2\/posts"}],"about":[{"href":"https:\/\/visiones.uniandes.edu.co\/jgdavila11\/wp-json\/wp\/v2\/types\/post"}],"author":[{"embeddable":true,"href":"https:\/\/visiones.uniandes.edu.co\/jgdavila11\/wp-json\/wp\/v2\/users\/40"}],"replies":[{"embeddable":true,"href":"https:\/\/visiones.uniandes.edu.co\/jgdavila11\/wp-json\/wp\/v2\/comments?post=1"}],"version-history":[{"count":5,"href":"https:\/\/visiones.uniandes.edu.co\/jgdavila11\/wp-json\/wp\/v2\/posts\/1\/revisions"}],"predecessor-version":[{"id":31,"href":"https:\/\/visiones.uniandes.edu.co\/jgdavila11\/wp-json\/wp\/v2\/posts\/1\/revisions\/31"}],"wp:attachment":[{"href":"https:\/\/visiones.uniandes.edu.co\/jgdavila11\/wp-json\/wp\/v2\/media?parent=1"}],"wp:term":[{"taxonomy":"category","embeddable":true,"href":"https:\/\/visiones.uniandes.edu.co\/jgdavila11\/wp-json\/wp\/v2\/categories?post=1"},{"taxonomy":"post_tag","embeddable":true,"href":"https:\/\/visiones.uniandes.edu.co\/jgdavila11\/wp-json\/wp\/v2\/tags?post=1"}],"curies":[{"name":"wp","href":"https:\/\/api.w.org\/{rel}","templated":true}]}}