{"id":105,"date":"2020-10-16T00:28:27","date_gmt":"2020-10-16T00:28:27","guid":{"rendered":"https:\/\/visiones.uniandes.edu.co\/japardo11\/?p=105"},"modified":"2020-10-16T23:12:30","modified_gmt":"2020-10-16T23:12:30","slug":"perspectivas-desde-la-antropologia-de-la-muerte-el-luto-y-la-perdida","status":"publish","type":"post","link":"https:\/\/visiones.uniandes.edu.co\/japardo11\/2020\/10\/16\/perspectivas-desde-la-antropologia-de-la-muerte-el-luto-y-la-perdida\/","title":{"rendered":"Perspectivas desde la antropolog\u00eda de la muerte, el luto y la p\u00e9rdida"},"content":{"rendered":"\n<div class=\"wp-block-cover alignfull has-background-dim-90 has-background-dim is-position-center-center\" style=\"background-image:url(https:\/\/visiones.uniandes.edu.co\/japardo11\/wp-content\/uploads\/sites\/25\/2020\/10\/cropped-sculpture-3410011_1280.jpg);background-color:#010103;background-position:40% 26%;min-height:375px;aspect-ratio:unset;\"><div class=\"wp-block-cover__inner-container is-layout-flow wp-block-cover-is-layout-flow\">\n<p class=\"has-text-align-center has-text-color\" style=\"line-height:1.1;font-size:42px;color:#fffffa\">&#8220;Los que estamos de luto no estamos solos. Pertenecemos a la compa\u00f1\u00eda m\u00e1s grande del mundo: la compa\u00f1\u00eda de quienes han conocido el sufrimiento.&#8221; <\/p>\n\n\n\n<p class=\"has-text-align-center has-primary-color has-text-color\" style=\"line-height:1.1;font-size:42px\">&#8220;Helen Keller&#8221;<\/p>\n<\/div><\/div>\n\n\n\n<figure class=\"wp-block-embed-youtube wp-block-embed is-type-video is-provider-youtube wp-embed-aspect-16-9 wp-has-aspect-ratio\"><div class=\"wp-block-embed__wrapper\">\n<iframe loading=\"lazy\" title=\"ANTROPOLOGIA DE LA MUERTE\" width=\"580\" height=\"326\" src=\"https:\/\/www.youtube.com\/embed\/jtfLGs9ldHE?feature=oembed\" frameborder=\"0\" allow=\"accelerometer; autoplay; clipboard-write; encrypted-media; gyroscope; picture-in-picture; web-share\" referrerpolicy=\"strict-origin-when-cross-origin\" allowfullscreen><\/iframe>\n<\/div><\/figure>\n\n\n\n<figure class=\"wp-block-embed-youtube wp-block-embed is-type-video is-provider-youtube wp-embed-aspect-16-9 wp-has-aspect-ratio\"><div class=\"wp-block-embed__wrapper\">\n<iframe loading=\"lazy\" title=\"Antropolog\u00eda de la Muerte\/ Mestr\u00eda en tanatologia\/Tlalpan\/S\u00e1bado\" width=\"580\" height=\"326\" src=\"https:\/\/www.youtube.com\/embed\/1T9E_oaR2Ws?feature=oembed\" frameborder=\"0\" allow=\"accelerometer; autoplay; clipboard-write; encrypted-media; gyroscope; picture-in-picture; web-share\" referrerpolicy=\"strict-origin-when-cross-origin\" allowfullscreen><\/iframe>\n<\/div><\/figure>\n\n\n\n<figure class=\"wp-block-embed-youtube wp-block-embed is-type-video is-provider-youtube wp-embed-aspect-16-9 wp-has-aspect-ratio\"><div class=\"wp-block-embed__wrapper\">\nhttps:\/\/www.youtube.com\/watch?v=rZvxXriVhlY\n<\/div><\/figure>\n\n\n\n<p class=\"has-text-align-center has-primary-background-color has-background\">La antropologia entiende la muerte como un proceso biol\u00f3gico y<br>social. Todas las sociedades construyen, seg\u00fan sus sistemas de valores y creencias, una interpretaci\u00f3n cultural del fen\u00f3meno reflej\u00e1ndolo en la actividad ritual. Morir es un tr\u00e1nsito, un proceso de separaci\u00f3n que afecta al individuo que parte y al grupo que pierde. La actividad ritual facilita ese tr\u00e1nsito a trav\u00e9s de actos ceremoniales cuya funci\u00f3n central es restablecer el orden social perturbado. Las ceremonias est\u00e1n presididas por una sucesi\u00f3n de actos que preparan el cad\u00e1ver para su marcha definitiva aun cuando la eficacia del procedimiento reside en su contenido latente: controlar y apaciguar la angustia que produce el cad\u00e1ver y la idea de la muerte. Pensar la muerte, la p\u00e9rdida y el dolor desde los procesos antropol\u00f3gicos es, a su vez, pensar la manera en la que los espacios adquieren sentido y car\u00e1cter desde lo que se perdi\u00f3. <\/p>\n\n\n\n<p>Referencias<\/p>\n\n\n\n<p>Asesorias Virtuales [Nombre de usuario]. (9 oct. 2017). Antropolog\u00eda de la Muerte\/ Mestr\u00eda en tanatologia\/Tlalpan\/S\u00e1bado&nbsp;[Archivo de video]. Recuperado de https:\/\/www.youtube.com\/watch?v=1T9E_oaR2Ws<\/p>\n\n\n\n<p>Bustos, M. L. C. (2007). La muerte en la cultura occidental: antropolog\u00eda de la muerte.&nbsp;<em>Revista Colombiana de psiquiatr\u00eda<\/em>,&nbsp;<em>36<\/em>(2), 332-339.<\/p>\n\n\n\n<p>FiloLab UTPL [Nombre de usuario]. (17 nov. 2018). Antropolog\u00eda \u2014 El dolor y la muerte[Archivo de video]. Recuperado de https:\/\/www.youtube.com\/watch?v=rZvxXriVhlY<\/p>\n\n\n\n<p>Ministerio de Cultura Cusco [Nombre de usuario]. (16 may. 2016). ANTROPOLOGIA DE LA MUERTE&nbsp;[Archivo de video]. Recuperado de https:\/\/www.youtube.com\/watch?v=jtfLGs9ldHE<\/p>\n","protected":false},"excerpt":{"rendered":"<p>La antropologia entiende la muerte como un proceso biol\u00f3gico ysocial. Todas las sociedades construyen, seg\u00fan sus sistemas de valores y creencias, una interpretaci\u00f3n cultural del fen\u00f3meno reflej\u00e1ndolo en la actividad ritual. Morir es un tr\u00e1nsito, un proceso de separaci\u00f3n que afecta al individuo que parte y al grupo que pierde. La actividad ritual facilita ese [&hellip;]<\/p>\n","protected":false},"author":25,"featured_media":0,"comment_status":"open","ping_status":"open","sticky":false,"template":"","format":"standard","meta":{"_themeisle_gutenberg_block_has_review":false,"footnotes":""},"categories":[5],"tags":[],"class_list":["post-105","post","type-post","status-publish","format-standard","hentry","category-mapear-la-muerte"],"_links":{"self":[{"href":"https:\/\/visiones.uniandes.edu.co\/japardo11\/wp-json\/wp\/v2\/posts\/105","targetHints":{"allow":["GET"]}}],"collection":[{"href":"https:\/\/visiones.uniandes.edu.co\/japardo11\/wp-json\/wp\/v2\/posts"}],"about":[{"href":"https:\/\/visiones.uniandes.edu.co\/japardo11\/wp-json\/wp\/v2\/types\/post"}],"author":[{"embeddable":true,"href":"https:\/\/visiones.uniandes.edu.co\/japardo11\/wp-json\/wp\/v2\/users\/25"}],"replies":[{"embeddable":true,"href":"https:\/\/visiones.uniandes.edu.co\/japardo11\/wp-json\/wp\/v2\/comments?post=105"}],"version-history":[{"count":9,"href":"https:\/\/visiones.uniandes.edu.co\/japardo11\/wp-json\/wp\/v2\/posts\/105\/revisions"}],"predecessor-version":[{"id":275,"href":"https:\/\/visiones.uniandes.edu.co\/japardo11\/wp-json\/wp\/v2\/posts\/105\/revisions\/275"}],"wp:attachment":[{"href":"https:\/\/visiones.uniandes.edu.co\/japardo11\/wp-json\/wp\/v2\/media?parent=105"}],"wp:term":[{"taxonomy":"category","embeddable":true,"href":"https:\/\/visiones.uniandes.edu.co\/japardo11\/wp-json\/wp\/v2\/categories?post=105"},{"taxonomy":"post_tag","embeddable":true,"href":"https:\/\/visiones.uniandes.edu.co\/japardo11\/wp-json\/wp\/v2\/tags?post=105"}],"curies":[{"name":"wp","href":"https:\/\/api.w.org\/{rel}","templated":true}]}}